{"id":61,"date":"2017-01-04T23:52:08","date_gmt":"2017-01-04T23:52:08","guid":{"rendered":"https:\/\/wrongbits.wordpress.com\/?p=61"},"modified":"2017-01-04T23:52:08","modified_gmt":"2017-01-04T23:52:08","slug":"odiar-nao-e-o-caminho","status":"publish","type":"post","link":"https:\/\/mechamorafa.com\/blog\/2017\/01\/odiar-nao-e-o-caminho\/","title":{"rendered":"Odiar n\u00e3o \u00e9 o caminho"},"content":{"rendered":"<p><em>&#8220;When I was a kid I was full of hate&#8221;<\/em><\/p>\n<p>Uma das pautas mais f\u00e1ceis de desenvolver \u00e9 quando voc\u00ea pode falar de algo que tem experi\u00eancia. Contar sua hist\u00f3ria \u00e9 uma maneira inteligente de aprimorar a escrita e, talvez, auxiliar algu\u00e9m que possa estar perdido em uma decis\u00e3o.<\/p>\n<p>\u00c9 s\u00e9rio. Ou por qu\u00ea voc\u00ea acha que os mais velhos sempre dizem que voc\u00ea deve respeit\u00e1-los? Est\u00e1 na cara. \u00c9 a experi\u00eancia.<\/p>\n<p>Por mais quadrada e antiga que uma pessoa seja, ela tem uma hist\u00f3ria. Assim como eu, voc\u00ea e todas as outras pessoas no mundo. Se voc\u00ea olhar para tr\u00e1s, vai perceber que j\u00e1 percorremos um longo caminho at\u00e9 aqui. Agora imagine algu\u00e9m com o dobro da sua idade?Imagine sua av\u00f3, seu av\u00f4, seu pai, sua m\u00e3e&#8230;<\/p>\n<p>A vida, por mais sinuosa que seja, acaba nos levando para caminhos parecidos. Problemas de cinquenta anos atr\u00e1s ainda s\u00e3o os mesmos. Por isso, quando algu\u00e9m lhe disser que j\u00e1 passou por isso e voc\u00ea deve agir de tal forma para superar, acredite. Mesmo que voc\u00ea n\u00e3o entenda na hora, com o tempo tudo far\u00e1 sentido.<\/p>\n<p>Quando eu era pequeno, com seis ou sete anos de idade, eu era cheio de \u00f3dio. Tudo me irritava muito. Se algo n\u00e3o se tratava de mim, n\u00e3o me interessava. E eu fui assim por muito tempo, por\u00e9m a conviv\u00eancia foi me ensinando a viver pacificamente com as pessoas ao redor.<\/p>\n<p>At\u00e9 os dezessete anos eu ainda tinha aquele \u00f3dio mortal de algumas coisas, pessoas, lugares e situa\u00e7\u00f5es. Eu julgava. E julgava muito. Eu sentia nojo das pessoas simplesmente por olharem para mim. Eu n\u00e3o suportava o jeito que elas conversavam ou caminhavam. Talvez isso tenha se intensificado na adolesc\u00eancia, \u00e9poca sombria de rebeldia que eu atravessei a contragosto.<\/p>\n<p>Mas o tempo me bateu com for\u00e7a. Ele n\u00e3o me ensinou pacificamente, pelo contr\u00e1rio, me espancou at\u00e9 que eu aprendesse a dar valor a algumas coisas.<\/p>\n<p>Uma dessas coisas n\u00e3o era bem uma coisa, mas sim uma pessoa. Uma pessoa que, assim como eu, aprendeu com os erros da vida. Das hist\u00f3rias que ou\u00e7o sobre ela, de 75 a 80% s\u00e3o\u00a0atos reprov\u00e1veis.<\/p>\n<p>Mas, ao final, essa pessoa j\u00e1 n\u00e3o era a mesma. Se arrependeu de tudo de ruim que outrora fizera para outras pessoas, vivia em paz e na solid\u00e3o.<\/p>\n<p>Eu nunca a odiei, mas n\u00e3o me importava com o que ela falava. Eu n\u00e3o gostava de visit\u00e1-la porque sua casa tinha cheiro de cachorro. E, realmente, haviam tr\u00eas c\u00e3es bem velhinhos dividindo a calmaria de uma casa solit\u00e1ria com a figura.<\/p>\n<p>Sabe, a vida s\u00f3 nos mostra as coisas boas que uma pessoa faz quando ela j\u00e1 n\u00e3o est\u00e1 mais aqui para fazer. Os bons momentos s\u00f3 s\u00e3o lembrados quando sabemos que eles n\u00e3o v\u00e3o mais existir.<\/p>\n<p>E como eu havia dito antes, o tempo me bateu. E essas feridas aumentam com o passar dos anos, pois eu sei que nunca mais terei a chance que tive de amar o meu av\u00f4, que tanto me amou mesmo sendo uma pessoa horr\u00edvel. Quase nove anos que eu n\u00e3o tenho mais os conselhos do cara mais experiente da vida que eu j\u00e1 conheci. E, puta-que-o-pariu, como eu amava conversar com ele.<\/p>\n<p>A mensagem do dia \u00e9 essa, meus amigos. O \u00f3dio nos causa uma cegueira intensa que n\u00e3o nos permite reconhecer as coisas boas enquanto \u00e9 tempo. Aproveite os dias e ame.<\/p>\n<p>&nbsp;<\/p>\n","protected":false},"excerpt":{"rendered":"<p>&#8220;When I was a kid I was full of hate&#8221; Uma das pautas mais f\u00e1ceis de desenvolver \u00e9 quando voc\u00ea pode falar de algo que tem experi\u00eancia. Contar sua hist\u00f3ria \u00e9 uma maneira inteligente de aprimorar a escrita e, talvez, auxiliar algu\u00e9m que possa estar perdido em uma decis\u00e3o. \u00c9 s\u00e9rio. Ou por qu\u00ea voc\u00ea\u2026 <a href=\"https:\/\/mechamorafa.com\/blog\/2017\/01\/odiar-nao-e-o-caminho\/\" class=\"read-more\">Ler tudo<\/a><\/p>\n","protected":false},"author":1,"featured_media":90,"comment_status":"open","ping_status":"open","sticky":false,"template":"","format":"standard","meta":{"_jetpack_memberships_contains_paid_content":false,"footnotes":""},"categories":[3],"tags":[13,24],"class_list":["post-61","post","type-post","status-publish","format-standard","has-post-thumbnail","hentry","category-aconteceu-comigo","tag-ansiedade","tag-tempo"],"jetpack_featured_media_url":"","jetpack_sharing_enabled":true,"_links":{"self":[{"href":"https:\/\/mechamorafa.com\/blog\/wp-json\/wp\/v2\/posts\/61","targetHints":{"allow":["GET"]}}],"collection":[{"href":"https:\/\/mechamorafa.com\/blog\/wp-json\/wp\/v2\/posts"}],"about":[{"href":"https:\/\/mechamorafa.com\/blog\/wp-json\/wp\/v2\/types\/post"}],"author":[{"embeddable":true,"href":"https:\/\/mechamorafa.com\/blog\/wp-json\/wp\/v2\/users\/1"}],"replies":[{"embeddable":true,"href":"https:\/\/mechamorafa.com\/blog\/wp-json\/wp\/v2\/comments?post=61"}],"version-history":[{"count":0,"href":"https:\/\/mechamorafa.com\/blog\/wp-json\/wp\/v2\/posts\/61\/revisions"}],"wp:featuredmedia":[{"embeddable":true,"href":"https:\/\/mechamorafa.com\/blog\/wp-json\/"}],"wp:attachment":[{"href":"https:\/\/mechamorafa.com\/blog\/wp-json\/wp\/v2\/media?parent=61"}],"wp:term":[{"taxonomy":"category","embeddable":true,"href":"https:\/\/mechamorafa.com\/blog\/wp-json\/wp\/v2\/categories?post=61"},{"taxonomy":"post_tag","embeddable":true,"href":"https:\/\/mechamorafa.com\/blog\/wp-json\/wp\/v2\/tags?post=61"}],"curies":[{"name":"wp","href":"https:\/\/api.w.org\/{rel}","templated":true}]}}